{"id":368,"date":"2017-02-21T18:35:16","date_gmt":"2017-02-21T18:35:16","guid":{"rendered":"http:\/\/kruczekrakanie.pl\/?p=368"},"modified":"2018-10-04T18:45:08","modified_gmt":"2018-10-04T18:45:08","slug":"ogrod-botaniczny-w-funchal","status":"publish","type":"post","link":"https:\/\/kruczekrakanie.pl\/index.php\/2017\/02\/21\/ogrod-botaniczny-w-funchal\/","title":{"rendered":"Ogr\u00f3d botaniczny w Funchal"},"content":{"rendered":"\n<p class=\"wp-block-paragraph\">Trzeci dzie\u0144 pobytu na Maderze, to wizyta w ogrodzie botanicznym w Funchal. Ca\u0142a wyspa jest g\u00f3rzysta, wi\u0119c i sam ogr\u00f3d jest do\u015b\u0107 wysoko, chocia\u017c od pla\u017cy niedaleko. Aby si\u0119 do niego dosta\u0107 mo\u017cna skorzysta\u0107 z kolejki linowej (<em>Teleferico<\/em>).<\/p>\n\n\n\n<figure class=\"wp-block-image\"><img loading=\"lazy\" decoding=\"async\" width=\"768\" height=\"511\" src=\"https:\/\/kruczekrakanie.pl\/wp-content\/uploads\/2018\/10\/IMGP5806-768x511.jpg\" alt=\"\" class=\"wp-image-369\" srcset=\"https:\/\/kruczekrakanie.pl\/wp-content\/uploads\/2018\/10\/IMGP5806-768x511.jpg 768w, https:\/\/kruczekrakanie.pl\/wp-content\/uploads\/2018\/10\/IMGP5806-300x200.jpg 300w, https:\/\/kruczekrakanie.pl\/wp-content\/uploads\/2018\/10\/IMGP5806-1024x681.jpg 1024w, https:\/\/kruczekrakanie.pl\/wp-content\/uploads\/2018\/10\/IMGP5806.jpg 2048w\" sizes=\"auto, (max-width: 767px) 89vw, (max-width: 1000px) 54vw, (max-width: 1071px) 543px, 580px\" \/><figcaption>Widok z wagonika<\/figcaption><\/figure>\n\n\n\n<p class=\"wp-block-paragraph\">Niekt\u00f3rzy w wagoniku denerwowali si\u0119 bardziej<\/p>\n\n\n\n<figure class=\"wp-block-image\"><img loading=\"lazy\" decoding=\"async\" width=\"768\" height=\"511\" src=\"https:\/\/kruczekrakanie.pl\/wp-content\/uploads\/2018\/10\/IMGP5909-768x511.jpg\" alt=\"\" class=\"wp-image-370\" srcset=\"https:\/\/kruczekrakanie.pl\/wp-content\/uploads\/2018\/10\/IMGP5909-768x511.jpg 768w, https:\/\/kruczekrakanie.pl\/wp-content\/uploads\/2018\/10\/IMGP5909-300x200.jpg 300w, https:\/\/kruczekrakanie.pl\/wp-content\/uploads\/2018\/10\/IMGP5909-1024x681.jpg 1024w, https:\/\/kruczekrakanie.pl\/wp-content\/uploads\/2018\/10\/IMGP5909.jpg 2048w\" sizes=\"auto, (max-width: 767px) 89vw, (max-width: 1000px) 54vw, (max-width: 1071px) 543px, 580px\" \/><\/figure>\n\n\n\n<p class=\"wp-block-paragraph\">A inni raczej si\u0119 relaksowali<\/p>\n\n\n\n<figure class=\"wp-block-image\"><img loading=\"lazy\" decoding=\"async\" width=\"768\" height=\"511\" src=\"https:\/\/kruczekrakanie.pl\/wp-content\/uploads\/2018\/10\/IMGP5911-768x511.jpg\" alt=\"\" class=\"wp-image-371\" srcset=\"https:\/\/kruczekrakanie.pl\/wp-content\/uploads\/2018\/10\/IMGP5911-768x511.jpg 768w, https:\/\/kruczekrakanie.pl\/wp-content\/uploads\/2018\/10\/IMGP5911-300x200.jpg 300w, https:\/\/kruczekrakanie.pl\/wp-content\/uploads\/2018\/10\/IMGP5911-1024x681.jpg 1024w, https:\/\/kruczekrakanie.pl\/wp-content\/uploads\/2018\/10\/IMGP5911.jpg 2048w\" sizes=\"auto, (max-width: 767px) 89vw, (max-width: 1000px) 54vw, (max-width: 1071px) 543px, 580px\" \/><\/figure>\n\n\n\n<p class=\"wp-block-paragraph\">Sam ogr\u00f3d botaniczny nas nie rozczarowa\u0142. Jest na co patrze\u0107.\u00a0 Opr\u00f3cz &#8222;zieleniny&#8221; tak\u017ce wystawy minera\u0142\u00f3w, sztuki afryka\u0144skiej, chi\u0144skiej itd.<\/p>\n\n\n\n<figure class=\"wp-block-image\"><img loading=\"lazy\" decoding=\"async\" width=\"768\" height=\"512\" src=\"https:\/\/kruczekrakanie.pl\/wp-content\/uploads\/2018\/10\/DSCF4494-768x512.jpg\" alt=\"\" class=\"wp-image-372\" srcset=\"https:\/\/kruczekrakanie.pl\/wp-content\/uploads\/2018\/10\/DSCF4494-768x512.jpg 768w, https:\/\/kruczekrakanie.pl\/wp-content\/uploads\/2018\/10\/DSCF4494-300x200.jpg 300w, https:\/\/kruczekrakanie.pl\/wp-content\/uploads\/2018\/10\/DSCF4494-1024x682.jpg 1024w, https:\/\/kruczekrakanie.pl\/wp-content\/uploads\/2018\/10\/DSCF4494.jpg 2048w\" sizes=\"auto, (max-width: 767px) 89vw, (max-width: 1000px) 54vw, (max-width: 1071px) 543px, 580px\" \/><\/figure>\n\n\n\n<figure class=\"wp-block-image\"><img loading=\"lazy\" decoding=\"async\" width=\"768\" height=\"512\" src=\"https:\/\/kruczekrakanie.pl\/wp-content\/uploads\/2018\/10\/DSCF4506-768x512.jpg\" alt=\"\" class=\"wp-image-373\" srcset=\"https:\/\/kruczekrakanie.pl\/wp-content\/uploads\/2018\/10\/DSCF4506-768x512.jpg 768w, https:\/\/kruczekrakanie.pl\/wp-content\/uploads\/2018\/10\/DSCF4506-300x200.jpg 300w, https:\/\/kruczekrakanie.pl\/wp-content\/uploads\/2018\/10\/DSCF4506-1024x682.jpg 1024w, https:\/\/kruczekrakanie.pl\/wp-content\/uploads\/2018\/10\/DSCF4506.jpg 2048w\" sizes=\"auto, (max-width: 767px) 89vw, (max-width: 1000px) 54vw, (max-width: 1071px) 543px, 580px\" \/><\/figure>\n\n\n\n<figure class=\"wp-block-image\"><img loading=\"lazy\" decoding=\"async\" width=\"768\" height=\"512\" src=\"https:\/\/kruczekrakanie.pl\/wp-content\/uploads\/2018\/10\/DSCF4485-768x512.jpg\" alt=\"\" class=\"wp-image-374\" srcset=\"https:\/\/kruczekrakanie.pl\/wp-content\/uploads\/2018\/10\/DSCF4485-768x512.jpg 768w, https:\/\/kruczekrakanie.pl\/wp-content\/uploads\/2018\/10\/DSCF4485-300x200.jpg 300w, https:\/\/kruczekrakanie.pl\/wp-content\/uploads\/2018\/10\/DSCF4485-1024x682.jpg 1024w, https:\/\/kruczekrakanie.pl\/wp-content\/uploads\/2018\/10\/DSCF4485.jpg 2048w\" sizes=\"auto, (max-width: 767px) 89vw, (max-width: 1000px) 54vw, (max-width: 1071px) 543px, 580px\" \/><\/figure>\n\n\n\n<figure class=\"wp-block-image\"><img loading=\"lazy\" decoding=\"async\" width=\"768\" height=\"1155\" src=\"https:\/\/kruczekrakanie.pl\/wp-content\/uploads\/2018\/10\/IMGP5836-768x1155.jpg\" alt=\"\" class=\"wp-image-375\" srcset=\"https:\/\/kruczekrakanie.pl\/wp-content\/uploads\/2018\/10\/IMGP5836-768x1155.jpg 768w, https:\/\/kruczekrakanie.pl\/wp-content\/uploads\/2018\/10\/IMGP5836-200x300.jpg 200w, https:\/\/kruczekrakanie.pl\/wp-content\/uploads\/2018\/10\/IMGP5836-681x1024.jpg 681w, https:\/\/kruczekrakanie.pl\/wp-content\/uploads\/2018\/10\/IMGP5836.jpg 1362w\" sizes=\"auto, (max-width: 767px) 89vw, (max-width: 1000px) 54vw, (max-width: 1071px) 543px, 580px\" \/><\/figure>\n\n\n\n<hr class=\"wp-block-separator\"\/>\n\n\n\n<p class=\"wp-block-paragraph\"><a href=\"https:\/\/photos.app.goo.gl\/rEMQGW5JP84GfAjy7\" target=\"_blank\">Reszta zdj\u0119\u0107 z ogrodu botanicznego.<\/a><\/p>\n","protected":false},"excerpt":{"rendered":"<p>Trzeci dzie\u0144 pobytu na Maderze, to wizyta w ogrodzie botanicznym w Funchal. Ca\u0142a wyspa jest g\u00f3rzysta, wi\u0119c i sam ogr\u00f3d jest do\u015b\u0107 wysoko, chocia\u017c od pla\u017cy niedaleko. Aby si\u0119 do niego dosta\u0107 mo\u017cna skorzysta\u0107 z kolejki linowej (Teleferico). Niekt\u00f3rzy w wagoniku denerwowali si\u0119 bardziej A inni raczej si\u0119 relaksowali Sam ogr\u00f3d botaniczny nas nie rozczarowa\u0142. &hellip; <\/p>\n<p class=\"link-more\"><a href=\"https:\/\/kruczekrakanie.pl\/index.php\/2017\/02\/21\/ogrod-botaniczny-w-funchal\/\" class=\"more-link\">Czytaj dalej<span class=\"screen-reader-text\"> \u201eOgr\u00f3d botaniczny w Funchal\u201d<\/span><\/a><\/p>\n","protected":false},"author":2,"featured_media":0,"comment_status":"closed","ping_status":"open","sticky":false,"template":"","format":"standard","meta":{"_crdt_document":"","ngg_post_thumbnail":0,"footnotes":""},"categories":[20],"tags":[],"class_list":["post-368","post","type-post","status-publish","format-standard","hentry","category-madera-2017"],"_links":{"self":[{"href":"https:\/\/kruczekrakanie.pl\/index.php\/wp-json\/wp\/v2\/posts\/368","targetHints":{"allow":["GET"]}}],"collection":[{"href":"https:\/\/kruczekrakanie.pl\/index.php\/wp-json\/wp\/v2\/posts"}],"about":[{"href":"https:\/\/kruczekrakanie.pl\/index.php\/wp-json\/wp\/v2\/types\/post"}],"author":[{"embeddable":true,"href":"https:\/\/kruczekrakanie.pl\/index.php\/wp-json\/wp\/v2\/users\/2"}],"replies":[{"embeddable":true,"href":"https:\/\/kruczekrakanie.pl\/index.php\/wp-json\/wp\/v2\/comments?post=368"}],"version-history":[{"count":1,"href":"https:\/\/kruczekrakanie.pl\/index.php\/wp-json\/wp\/v2\/posts\/368\/revisions"}],"predecessor-version":[{"id":376,"href":"https:\/\/kruczekrakanie.pl\/index.php\/wp-json\/wp\/v2\/posts\/368\/revisions\/376"}],"wp:attachment":[{"href":"https:\/\/kruczekrakanie.pl\/index.php\/wp-json\/wp\/v2\/media?parent=368"}],"wp:term":[{"taxonomy":"category","embeddable":true,"href":"https:\/\/kruczekrakanie.pl\/index.php\/wp-json\/wp\/v2\/categories?post=368"},{"taxonomy":"post_tag","embeddable":true,"href":"https:\/\/kruczekrakanie.pl\/index.php\/wp-json\/wp\/v2\/tags?post=368"}],"curies":[{"name":"wp","href":"https:\/\/api.w.org\/{rel}","templated":true}]}}