{"id":251,"date":"2018-08-04T19:37:38","date_gmt":"2018-08-04T19:37:38","guid":{"rendered":"http:\/\/kruczekrakanie.pl\/?p=251"},"modified":"2018-10-02T19:45:03","modified_gmt":"2018-10-02T19:45:03","slug":"rumunia-2018-trasa","status":"publish","type":"post","link":"https:\/\/kruczekrakanie.pl\/index.php\/2018\/08\/04\/rumunia-2018-trasa\/","title":{"rendered":"Rumunia 2018 &#8211; trasa"},"content":{"rendered":"\n<p class=\"wp-block-paragraph\">Z powodu awarii skrzyni bieg\u00f3w wycieczka by\u0142a du\u017co kr\u00f3tsza, ni\u017c planowali\u015bmy. Zd\u0105\u017cyli\u015bmy wjecha\u0107 w g\u00f3ry Apuseni, potem na najwy\u017cszy szczyt Bihor\u00f3w (<em>Curcub\u0103ta Mare<\/em>), zjecha\u0107 z niego i&#8230; trzeba by\u0142o wraca\u0107.<\/p>\n\n\n\n<p class=\"wp-block-paragraph\"><iframe loading=\"lazy\" src=\"https:\/\/www.google.pl\/maps\/d\/embed?mid=1Kv3tHeHRKTDm1TY3yX8_BdSpGQmgVFGN\" width=\"640\" height=\"480\"><\/iframe><\/p>\n","protected":false},"excerpt":{"rendered":"<p>Z powodu awarii skrzyni bieg\u00f3w wycieczka by\u0142a du\u017co kr\u00f3tsza, ni\u017c planowali\u015bmy. Zd\u0105\u017cyli\u015bmy wjecha\u0107 w g\u00f3ry Apuseni, potem na najwy\u017cszy szczyt Bihor\u00f3w (Curcub\u0103ta Mare), zjecha\u0107 z niego i&#8230; trzeba by\u0142o wraca\u0107.<\/p>\n","protected":false},"author":2,"featured_media":0,"comment_status":"closed","ping_status":"open","sticky":false,"template":"","format":"standard","meta":{"_crdt_document":"","ngg_post_thumbnail":0,"footnotes":""},"categories":[14],"tags":[19,18,17],"class_list":["post-251","post","type-post","status-publish","format-standard","hentry","category-ro-2018","tag-apuseni","tag-bihor","tag-rumunia"],"_links":{"self":[{"href":"https:\/\/kruczekrakanie.pl\/index.php\/wp-json\/wp\/v2\/posts\/251","targetHints":{"allow":["GET"]}}],"collection":[{"href":"https:\/\/kruczekrakanie.pl\/index.php\/wp-json\/wp\/v2\/posts"}],"about":[{"href":"https:\/\/kruczekrakanie.pl\/index.php\/wp-json\/wp\/v2\/types\/post"}],"author":[{"embeddable":true,"href":"https:\/\/kruczekrakanie.pl\/index.php\/wp-json\/wp\/v2\/users\/2"}],"replies":[{"embeddable":true,"href":"https:\/\/kruczekrakanie.pl\/index.php\/wp-json\/wp\/v2\/comments?post=251"}],"version-history":[{"count":1,"href":"https:\/\/kruczekrakanie.pl\/index.php\/wp-json\/wp\/v2\/posts\/251\/revisions"}],"predecessor-version":[{"id":253,"href":"https:\/\/kruczekrakanie.pl\/index.php\/wp-json\/wp\/v2\/posts\/251\/revisions\/253"}],"wp:attachment":[{"href":"https:\/\/kruczekrakanie.pl\/index.php\/wp-json\/wp\/v2\/media?parent=251"}],"wp:term":[{"taxonomy":"category","embeddable":true,"href":"https:\/\/kruczekrakanie.pl\/index.php\/wp-json\/wp\/v2\/categories?post=251"},{"taxonomy":"post_tag","embeddable":true,"href":"https:\/\/kruczekrakanie.pl\/index.php\/wp-json\/wp\/v2\/tags?post=251"}],"curies":[{"name":"wp","href":"https:\/\/api.w.org\/{rel}","templated":true}]}}